{"id":5472,"date":"2024-02-05T12:55:11","date_gmt":"2024-02-05T11:55:11","guid":{"rendered":"https:\/\/www.oilsteel.com\/fr\/?p=5472"},"modified":"2024-02-05T14:38:35","modified_gmt":"2024-02-05T13:38:35","slug":"modifications-organisationnelles-division-commerciale-oilsteel","status":"publish","type":"post","link":"https:\/\/www.oilsteel.com\/fr\/modifications-organisationnelles-division-commerciale-oilsteel\/","title":{"rendered":"Modifications organisationnelles \u2013 Division commerciale Oil&amp;Steel"},"content":{"rendered":"<p>[vc_row][vc_column][vc_column_text]La semaine derni\u00e8re, nous avons attribu\u00e9 \u00e0 Fulvio Frunzio, Directeur commercial Italie, Croatie, Malte et Slov\u00e9nie, des responsabilit\u00e9s suppl\u00e9mentaires qui pr\u00e9voient, en rapport direct avec le CEO et en coordination avec le manager local, la gestion des march\u00e9s fran\u00e7ais et espagnol. Avec cette modification, la soci\u00e9t\u00e9 veut, gr\u00e2ce \u00e0 l\u2019exp\u00e9rience attest\u00e9e et au professionnalisme indiscutable de Fulvio, am\u00e9liorer son positionnement dans ces deux aires fondamentales pour atteindre les succ\u00e8s souhait\u00e9s.<\/p>\n<p>Par ailleurs, Roberto Emma vient de rejoindre l\u2019\u00e9quipe commerciale de la soci\u00e9t\u00e9, il travaillera pour la Division Nacelles Oil&amp;Steel en tant que Export Area Manager. Son entr\u00e9e confirme la volont\u00e9 tr\u00e8s forte de la soci\u00e9t\u00e9 d\u2019\u00e9tendre ses parts de march\u00e9 et avoir une pr\u00e9sence capillaire dans son secteur de r\u00e9f\u00e9rence.[\/vc_column_text][vc_empty_space height=\u00a0\u00bb20px\u00a0\u00bb][\/vc_column][\/vc_row][vc_row][vc_column width=\u00a0\u00bb1\/3&Prime;][vc_single_image image=\u00a0\u00bb5474&Prime; img_size=\u00a0\u00bbmedium\u00a0\u00bb onclick=\u00a0\u00bblink_image\u00a0\u00bb][\/vc_column][vc_column width=\u00a0\u00bb1\/3&Prime;][vc_single_image image=\u00a0\u00bb5475&Prime; img_size=\u00a0\u00bbmedium\u00a0\u00bb onclick=\u00a0\u00bblink_image\u00a0\u00bb][\/vc_column][vc_column width=\u00a0\u00bb1\/3&Prime;][\/vc_column][\/vc_row][vc_row][vc_column][\/vc_column][\/vc_row]<\/p>\n","protected":false},"excerpt":{"rendered":"<p>[vc_row][vc_column][vc_column_text]La semaine derni\u00e8re, nous avons attribu\u00e9 \u00e0 Fulvio Frunzio, Directeur commercial Italie, Croatie, Malte et Slov\u00e9nie, des responsabilit\u00e9s suppl\u00e9mentaires qui pr\u00e9voient, en rapport direct avec le CEO et en coordination avec le manager local, la gestion des march\u00e9s fran\u00e7ais et espagnol. Avec cette modification, la soci\u00e9t\u00e9 veut, gr\u00e2ce \u00e0 l\u2019exp\u00e9rience attest\u00e9e et au professionnalisme indiscutable&hellip;<\/p>\n","protected":false},"author":15,"featured_media":1519,"comment_status":"closed","ping_status":"closed","sticky":false,"template":"","format":"standard","meta":[],"categories":[1],"tags":[],"acf":[],"_links":{"self":[{"href":"https:\/\/www.oilsteel.com\/fr\/wp-json\/wp\/v2\/posts\/5472"}],"collection":[{"href":"https:\/\/www.oilsteel.com\/fr\/wp-json\/wp\/v2\/posts"}],"about":[{"href":"https:\/\/www.oilsteel.com\/fr\/wp-json\/wp\/v2\/types\/post"}],"author":[{"embeddable":true,"href":"https:\/\/www.oilsteel.com\/fr\/wp-json\/wp\/v2\/users\/15"}],"replies":[{"embeddable":true,"href":"https:\/\/www.oilsteel.com\/fr\/wp-json\/wp\/v2\/comments?post=5472"}],"version-history":[{"count":3,"href":"https:\/\/www.oilsteel.com\/fr\/wp-json\/wp\/v2\/posts\/5472\/revisions"}],"predecessor-version":[{"id":5477,"href":"https:\/\/www.oilsteel.com\/fr\/wp-json\/wp\/v2\/posts\/5472\/revisions\/5477"}],"wp:featuredmedia":[{"embeddable":true,"href":"https:\/\/www.oilsteel.com\/fr\/wp-json\/wp\/v2\/media\/1519"}],"wp:attachment":[{"href":"https:\/\/www.oilsteel.com\/fr\/wp-json\/wp\/v2\/media?parent=5472"}],"wp:term":[{"taxonomy":"category","embeddable":true,"href":"https:\/\/www.oilsteel.com\/fr\/wp-json\/wp\/v2\/categories?post=5472"},{"taxonomy":"post_tag","embeddable":true,"href":"https:\/\/www.oilsteel.com\/fr\/wp-json\/wp\/v2\/tags?post=5472"}],"curies":[{"name":"wp","href":"https:\/\/api.w.org\/{rel}","templated":true}]}}